{"id":2900,"date":"2026-04-25T12:55:08","date_gmt":"2026-04-25T12:55:08","guid":{"rendered":"https:\/\/sg-ricklingen.de\/?p=2900"},"modified":"2026-04-27T13:00:07","modified_gmt":"2026-04-27T13:00:07","slug":"koenigsproklamation-2026","status":"publish","type":"post","link":"https:\/\/sg-ricklingen.de\/?p=2900","title":{"rendered":"K\u00f6nigsproklamation 2026"},"content":{"rendered":"\n<p style=\"font-size:18px\">Am Samstag, den 25. April 2026, fand unsere diesj\u00e4hrige <strong>K\u00f6nigsproklamation<\/strong> in der Narhalla statt. Viele Sch\u00fctzinnen und Sch\u00fctzen aus allen Abteilungen nahmen an der Veranstaltung teil und sorgten f\u00fcr einen gut gef\u00fcllten Saal.<\/p>\n\n\n\n<p style=\"font-size:18px\">Er\u00f6ffnet wurde der Abend von unserem ersten Vorsitzenden <strong>Olaf Dahms<\/strong>, dem unser Sportleiter mit den ersten Ehrungen der Jungsch\u00fctzen folgte. Anschlie\u00dfend gab es ein gemeinsames Essen.<\/p>\n\n\n\n<p style=\"font-size:18px\">Nach dem Essen und weiteren Ehrungen in den Abteilungen <strong>Damen<\/strong>, <strong>Herren<\/strong>, <strong>Bogen<\/strong> und <strong>Blasrohr<\/strong> startete die erste Tanzrunde. Hier stellte sich unser DJ <strong>Bj\u00f6rn<\/strong> vor und sorgte direkt f\u00fcr die passende Stimmung.<\/p>\n\n\n\n<p style=\"font-size:18px\">Nach den ersten Songs folgte der spannendste Moment des Abends: die <strong>Bekanntgabe der neuen Majest\u00e4ten<\/strong>.<\/p>\n\n\n\n<div style=\"height:20px\" aria-hidden=\"true\" class=\"wp-block-spacer\"><\/div>\n\n\n\n<ul class=\"wp-block-list\">\n<li style=\"font-size:18px\"><strong>Jugendk\u00f6nigin 2026:<\/strong> <em>Sandra Dahms<\/em> <br>Sie setzte sich souver\u00e4n durch und freute sich sichtlich \u00fcber ihren Titel, zumal es ihr letztes Jahr in der Jugend war. Ab dem kommenden Jahr startet sie bei den Damen<br><\/li>\n\n\n\n<li style=\"font-size:18px\"><strong>Bogenk\u00f6nig 2026:<\/strong> <em>Dominik Hoheisel<\/em> <br>Er verteidigte seinen Titel erfolgreich<br><\/li>\n\n\n\n<li style=\"font-size:18px\"><strong>Damenk\u00f6nigin 2026:<\/strong> <em>Heike Buntrock<\/em> <br>Heike war so \u00fcberrascht von ihrem Sieg, dass sie im ersten Moment gar nicht aufstand, um ihre Kette entgegenzunehmen<br><\/li>\n\n\n\n<li style=\"font-size:18px\"><strong>Sch\u00fctzenk\u00f6nig 2026:<\/strong> <em>Sascha Heering<\/em> <br>Sascha erzielte bereits beim ersten Termin des K\u00f6nigsschie\u00dfens einen hervorragenden Teiler und hoffte seitdem, dass ihn niemand mehr abschie\u00dft und genau so kam es<\/li>\n<\/ul>\n\n\n\n<div style=\"height:20px\" aria-hidden=\"true\" class=\"wp-block-spacer\"><\/div>\n\n\n\n<p style=\"font-size:18px\">Nach der Proklamation endete der offizielle Teil des Abends und die <strong>L\u00fcttje-Lagen-Theke<\/strong> wurde er\u00f6ffnet. Olaf bedankte sich zuvor noch einmal bei <strong>Timo und seiner Festkommission<\/strong> f\u00fcr die sch\u00f6ne Dekoration sowie bei <strong>Vanessa<\/strong> f\u00fcr die Arbeit und Zeit, die sie in die neuen Beachflags investiert hat.<\/p>\n\n\n\n<p style=\"font-size:18px\">Die Tanzfl\u00e4che war anschlie\u00dfend durchgehend gut gef\u00fcllt, kein Moment blieb sie leer.<\/p>\n\n\n\n<p style=\"font-size:18px\"><strong>Herzlichen Gl\u00fcckwunsch an unsere Majest\u00e4ten!<\/strong> Wir w\u00fcnschen euch ein wundersch\u00f6nes Amtsjahr voller besonderer Momente und Erinnerungen, die euch lange begleiten.<\/p>\n\n\n\n<p><\/p>\n","protected":false},"excerpt":{"rendered":"<p>Am Samstag, den 25. April 2026, fand unsere diesj\u00e4hrige K\u00f6nigsproklamation in der Narhalla statt. Viele Sch\u00fctzinnen und Sch\u00fctzen aus allen Abteilungen nahmen an der Veranstaltung teil und sorgten f\u00fcr einen gut<a class=\"read-more\" href=\"https:\/\/sg-ricklingen.de\/?p=2900\">Mehr erfahren<\/a><\/p>\n","protected":false},"author":10,"featured_media":2901,"comment_status":"closed","ping_status":"open","sticky":false,"template":"","format":"standard","meta":{"footnotes":""},"categories":[3],"tags":[],"class_list":["post-2900","post","type-post","status-publish","format-standard","has-post-thumbnail","hentry","category-veranstaltungen"],"_links":{"self":[{"href":"https:\/\/sg-ricklingen.de\/index.php?rest_route=\/wp\/v2\/posts\/2900","targetHints":{"allow":["GET"]}}],"collection":[{"href":"https:\/\/sg-ricklingen.de\/index.php?rest_route=\/wp\/v2\/posts"}],"about":[{"href":"https:\/\/sg-ricklingen.de\/index.php?rest_route=\/wp\/v2\/types\/post"}],"author":[{"embeddable":true,"href":"https:\/\/sg-ricklingen.de\/index.php?rest_route=\/wp\/v2\/users\/10"}],"replies":[{"embeddable":true,"href":"https:\/\/sg-ricklingen.de\/index.php?rest_route=%2Fwp%2Fv2%2Fcomments&post=2900"}],"version-history":[{"count":1,"href":"https:\/\/sg-ricklingen.de\/index.php?rest_route=\/wp\/v2\/posts\/2900\/revisions"}],"predecessor-version":[{"id":2902,"href":"https:\/\/sg-ricklingen.de\/index.php?rest_route=\/wp\/v2\/posts\/2900\/revisions\/2902"}],"wp:featuredmedia":[{"embeddable":true,"href":"https:\/\/sg-ricklingen.de\/index.php?rest_route=\/wp\/v2\/media\/2901"}],"wp:attachment":[{"href":"https:\/\/sg-ricklingen.de\/index.php?rest_route=%2Fwp%2Fv2%2Fmedia&parent=2900"}],"wp:term":[{"taxonomy":"category","embeddable":true,"href":"https:\/\/sg-ricklingen.de\/index.php?rest_route=%2Fwp%2Fv2%2Fcategories&post=2900"},{"taxonomy":"post_tag","embeddable":true,"href":"https:\/\/sg-ricklingen.de\/index.php?rest_route=%2Fwp%2Fv2%2Ftags&post=2900"}],"curies":[{"name":"wp","href":"https:\/\/api.w.org\/{rel}","templated":true}]}}